{"id":47130,"date":"2021-02-03T16:05:31","date_gmt":"2021-02-03T15:05:31","guid":{"rendered":"https:\/\/beiraja.com\/?p=47130"},"modified":"2021-02-03T17:19:51","modified_gmt":"2021-02-03T16:19:51","slug":"beiraja-en-modo-covid","status":"publish","type":"post","link":"https:\/\/beiraja.com\/es\/beiraja-en-modo-covid\/","title":{"rendered":"Beir\u2019Aja en modo Covid"},"content":{"rendered":"\t\t<div data-elementor-type=\"wp-post\" data-elementor-id=\"47130\" class=\"elementor elementor-47130 elementor-47128\">\n\t\t\t\t\t\t<section class=\"elementor-section elementor-top-section elementor-element elementor-element-3638898 elementor-section-full_width elementor-section-height-default elementor-section-height-default parallax_section_no qode_elementor_container_no\" data-id=\"3638898\" data-element_type=\"section\">\n\t\t\t\t\t\t<div class=\"elementor-container elementor-column-gap-no\">\n\t\t\t\t\t<div class=\"elementor-column elementor-col-100 elementor-top-column elementor-element elementor-element-781857d\" data-id=\"781857d\" data-element_type=\"column\">\n\t\t\t<div class=\"elementor-widget-wrap elementor-element-populated\">\n\t\t\t\t\t\t<div class=\"elementor-element elementor-element-8f675be elementor-widget elementor-widget-text-editor\" data-id=\"8f675be\" data-element_type=\"widget\" data-widget_type=\"text-editor.default\">\n\t\t\t\t<div class=\"elementor-widget-container\">\n\t\t\t\t\t\t\t\t\t<p><strong>\u00a1En Portugal, la Pandemia se encuentra en el estado m\u00e1s preocupante de la historia!<\/strong><\/p><p>Que COVID-19 haya sido un desaf\u00edo para millones de personas en todo el mundo no es nada nuevo. Para nosotros, el desaf\u00edo ha sido lanzar nuestras actividades en tiempos de pandemia y confinamiento.<\/p>\t\t\t\t\t\t\t\t<\/div>\n\t\t\t\t<\/div>\n\t\t\t\t<div class=\"elementor-element elementor-element-38a8cea elementor-widget elementor-widget-spacer\" data-id=\"38a8cea\" data-element_type=\"widget\" data-widget_type=\"spacer.default\">\n\t\t\t\t<div class=\"elementor-widget-container\">\n\t\t\t\t\t\t\t<div class=\"elementor-spacer\">\n\t\t\t<div class=\"elementor-spacer-inner\"><\/div>\n\t\t<\/div>\n\t\t\t\t\t\t<\/div>\n\t\t\t\t<\/div>\n\t\t\t\t<div class=\"elementor-element elementor-element-665bc2b elementor-widget elementor-widget-text-editor\" data-id=\"665bc2b\" data-element_type=\"widget\" data-widget_type=\"text-editor.default\">\n\t\t\t\t<div class=\"elementor-widget-container\">\n\t\t\t\t\t\t\t\t\t<p>\u00a1Nos gusta creer que somos <strong>vers\u00e1tiles, modernos y persistentes!<\/strong> As\u00ed, lanzamos clases online y as\u00ed comenzamos la contribuci\u00f3n que har\u00e1 Beir\u2019aja al bienestar y la armon\u00eda de todos aquellos que descubren el Interior con nosotros. Incluso si este interior es solo tu hogar.<\/p>\t\t\t\t\t\t\t\t<\/div>\n\t\t\t\t<\/div>\n\t\t\t\t<div class=\"elementor-element elementor-element-902bb55 elementor-widget elementor-widget-spacer\" data-id=\"902bb55\" data-element_type=\"widget\" data-widget_type=\"spacer.default\">\n\t\t\t\t<div class=\"elementor-widget-container\">\n\t\t\t\t\t\t\t<div class=\"elementor-spacer\">\n\t\t\t<div class=\"elementor-spacer-inner\"><\/div>\n\t\t<\/div>\n\t\t\t\t\t\t<\/div>\n\t\t\t\t<\/div>\n\t\t\t\t<div class=\"elementor-element elementor-element-76fb3f3 elementor-widget elementor-widget-text-editor\" data-id=\"76fb3f3\" data-element_type=\"widget\" data-widget_type=\"text-editor.default\">\n\t\t\t\t<div class=\"elementor-widget-container\">\n\t\t\t\t\t\t\t\t\t<p><strong>Las clases de pilates<\/strong> tienen lugar los <strong>martes a las 10:30 am<\/strong> y los <strong>viernes a las 9 am<\/strong>. El formato es completamente online, y apoy\u00e1ndonos en la opini\u00f3n transmitida por nuestros alumnos, \u00a1estamos logrando contrarrestar la adversidad!<\/p>\t\t\t\t\t\t\t\t<\/div>\n\t\t\t\t<\/div>\n\t\t\t\t<div class=\"elementor-element elementor-element-6a86750 elementor-widget elementor-widget-spacer\" data-id=\"6a86750\" data-element_type=\"widget\" data-widget_type=\"spacer.default\">\n\t\t\t\t<div class=\"elementor-widget-container\">\n\t\t\t\t\t\t\t<div class=\"elementor-spacer\">\n\t\t\t<div class=\"elementor-spacer-inner\"><\/div>\n\t\t<\/div>\n\t\t\t\t\t\t<\/div>\n\t\t\t\t<\/div>\n\t\t\t\t<section class=\"elementor-section elementor-inner-section elementor-element elementor-element-a743965 elementor-section-content-middle elementor-section-boxed elementor-section-height-default elementor-section-height-default parallax_section_no qode_elementor_container_no\" data-id=\"a743965\" data-element_type=\"section\">\n\t\t\t\t\t\t<div class=\"elementor-container elementor-column-gap-default\">\n\t\t\t\t\t<div class=\"elementor-column elementor-col-66 elementor-inner-column elementor-element elementor-element-7ac52c8\" data-id=\"7ac52c8\" data-element_type=\"column\">\n\t\t\t<div class=\"elementor-widget-wrap elementor-element-populated\">\n\t\t\t\t\t\t\t<\/div>\n\t\t<\/div>\n\t\t\t\t<div class=\"elementor-column elementor-col-33 elementor-inner-column elementor-element elementor-element-0772104\" data-id=\"0772104\" data-element_type=\"column\">\n\t\t\t<div class=\"elementor-widget-wrap elementor-element-populated\">\n\t\t\t\t\t\t<div class=\"elementor-element elementor-element-4e6b1b4 elementor-widget elementor-widget-bridge_button\" data-id=\"4e6b1b4\" data-element_type=\"widget\" data-widget_type=\"bridge_button.default\">\n\t\t\t\t<div class=\"elementor-widget-container\">\n\t\t\t\t\t<a  itemprop=\"url\" href=\"https:\/\/www.eventbrite.pt\/e\/bilhetes-workshop-de-caminhada-132986687763\" target=\"_blank\" data-hover-color=\"#FFFFFF\" class=\"qbutton  default\" style=\"color: #FFFFFF; border-color: #2B2B2B; \">Reg\u00edstrate<\/a>\t\t\t\t<\/div>\n\t\t\t\t<\/div>\n\t\t\t\t\t<\/div>\n\t\t<\/div>\n\t\t\t\t\t<\/div>\n\t\t<\/section>\n\t\t\t\t<div class=\"elementor-element elementor-element-25d2af3 elementor-widget elementor-widget-spacer\" data-id=\"25d2af3\" data-element_type=\"widget\" data-widget_type=\"spacer.default\">\n\t\t\t\t<div class=\"elementor-widget-container\">\n\t\t\t\t\t\t\t<div class=\"elementor-spacer\">\n\t\t\t<div class=\"elementor-spacer-inner\"><\/div>\n\t\t<\/div>\n\t\t\t\t\t\t<\/div>\n\t\t\t\t<\/div>\n\t\t\t\t<div class=\"elementor-element elementor-element-48641aa elementor-widget elementor-widget-spacer\" data-id=\"48641aa\" data-element_type=\"widget\" data-widget_type=\"spacer.default\">\n\t\t\t\t<div class=\"elementor-widget-container\">\n\t\t\t\t\t\t\t<div class=\"elementor-spacer\">\n\t\t\t<div class=\"elementor-spacer-inner\"><\/div>\n\t\t<\/div>\n\t\t\t\t\t\t<\/div>\n\t\t\t\t<\/div>\n\t\t\t\t<div class=\"elementor-element elementor-element-2cfc0e6 elementor-widget elementor-widget-text-editor\" data-id=\"2cfc0e6\" data-element_type=\"widget\" data-widget_type=\"text-editor.default\">\n\t\t\t\t<div class=\"elementor-widget-container\">\n\t\t\t\t\t\t\t\t\t<p>Esta publicaci\u00f3n sirve para informar que, aunque reciente, <strong>\u00a1estamos presentes y motivados<\/strong> para hacer nuestra contribuci\u00f3n!<\/p><p><strong>\u00a1Hasta pronto<\/strong>, en una computadora o, esperamos, en la naturaleza que nos rodea!<\/p><p><strong>Bem haja<\/strong><\/p>\t\t\t\t\t\t\t\t<\/div>\n\t\t\t\t<\/div>\n\t\t\t\t<div class=\"elementor-element elementor-element-d399f88 elementor-widget elementor-widget-spacer\" data-id=\"d399f88\" data-element_type=\"widget\" data-widget_type=\"spacer.default\">\n\t\t\t\t<div class=\"elementor-widget-container\">\n\t\t\t\t\t\t\t<div class=\"elementor-spacer\">\n\t\t\t<div class=\"elementor-spacer-inner\"><\/div>\n\t\t<\/div>\n\t\t\t\t\t\t<\/div>\n\t\t\t\t<\/div>\n\t\t\t\t\t<\/div>\n\t\t<\/div>\n\t\t\t\t\t<\/div>\n\t\t<\/section>\n\t\t\t\t<\/div>\n\t\t","protected":false},"excerpt":{"rendered":"<p>\u00a1En Portugal, la Pandemia se encuentra en el estado m\u00e1s preocupante de la historia!<\/p>\n<p>Que COVID-19 haya sido un desaf\u00edo para millones de personas en todo el mundo no es nada nuevo. Para nosotros, el desaf\u00edo ha sido lanzar nuestras actividades en tiempos de pandemia y confinamiento.<\/p>\n<p>\u00a1Nos gusta creer que somos vers\u00e1tiles, modernos y persistentes! As\u00ed, lanzamos clases online y as\u00ed comenzamos la contribuci\u00f3n que har\u00e1 Beir\u2019aja al bienestar y la armon\u00eda de todos aquellos que descubren el Interior con nosotros. Incluso si este interior es solo tu hogar.<\/p>\n<p>Las clases de pilates tienen lugar los martes a las 10:30 am y los viernes a las 9 am. El formato es completamente online, y apoy\u00e1ndonos en la opini\u00f3n transmitida por nuestros alumnos, \u00a1estamos logrando contrarrestar la adversidad!<\/p>\n<p>Esta publicaci\u00f3n sirve para informar que, aunque reciente, \u00a1estamos presentes y motivados para hacer nuestra contribuci\u00f3n!<\/p>\n<p>\u00a1Hasta pronto, en una computadora o, esperamos, en la naturaleza que nos rodea!<\/p>\n<p>Bem haja<\/p>\n","protected":false},"author":3,"featured_media":47167,"comment_status":"open","ping_status":"open","sticky":false,"template":"","format":"standard","meta":{"footnotes":""},"categories":[69],"tags":[],"class_list":["post-47130","post","type-post","status-publish","format-standard","has-post-thumbnail","hentry","category-noticias-es"],"yoast_head":"<!-- This site is optimized with the Yoast SEO plugin v26.5 - https:\/\/yoast.com\/wordpress\/plugins\/seo\/ -->\n<title>Beir\u2019Aja en modo Covid - Beir&#039;Aja<\/title>\n<meta name=\"robots\" content=\"index, follow, max-snippet:-1, max-image-preview:large, max-video-preview:-1\" \/>\n<link rel=\"canonical\" href=\"https:\/\/beiraja.com\/es\/beiraja-en-modo-covid\/\" \/>\n<meta property=\"og:locale\" content=\"es_ES\" \/>\n<meta property=\"og:type\" content=\"article\" \/>\n<meta property=\"og:title\" content=\"Beir\u2019Aja en modo Covid - Beir&#039;Aja\" \/>\n<meta property=\"og:description\" content=\"\u00a1En Portugal, la Pandemia se encuentra en el estado m\u00e1s preocupante de la historia! Que COVID-19 haya sido un desaf\u00edo para millones de personas en todo el mundo no es nada nuevo. Para nosotros, el desaf\u00edo ha sido lanzar nuestras actividades en tiempos de pandemia y confinamiento. \u00a1Nos gusta creer que somos vers\u00e1tiles, modernos y persistentes! As\u00ed, lanzamos clases online y as\u00ed comenzamos la contribuci\u00f3n que har\u00e1 Beir\u2019aja al bienestar y la armon\u00eda de todos aquellos que descubren el Interior con nosotros. Incluso si este interior es solo tu hogar.  Las clases de pilates tienen lugar los martes a las 10:30 am y los viernes a las 9 am. El formato es completamente online, y apoy\u00e1ndonos en la opini\u00f3n transmitida por nuestros alumnos, \u00a1estamos logrando contrarrestar la adversidad!  Esta publicaci\u00f3n sirve para informar que, aunque reciente, \u00a1estamos presentes y motivados para hacer nuestra contribuci\u00f3n! \u00a1Hasta pronto, en una computadora o, esperamos, en la naturaleza que nos rodea! Bem haja\" \/>\n<meta property=\"og:url\" content=\"https:\/\/beiraja.com\/es\/beiraja-en-modo-covid\/\" \/>\n<meta property=\"og:site_name\" content=\"Beir&#039;Aja\" \/>\n<meta property=\"article:publisher\" content=\"https:\/\/www.facebook.com\/Beirajainterior\" \/>\n<meta property=\"article:published_time\" content=\"2021-02-03T15:05:31+00:00\" \/>\n<meta property=\"article:modified_time\" content=\"2021-02-03T16:19:51+00:00\" \/>\n<meta property=\"og:image\" content=\"https:\/\/beiraja.com\/wp-content\/uploads\/2021\/02\/IMG_20210129_094203-1-1.jpg\" \/>\n\t<meta property=\"og:image:width\" content=\"2000\" \/>\n\t<meta property=\"og:image:height\" content=\"1145\" \/>\n\t<meta property=\"og:image:type\" content=\"image\/jpeg\" \/>\n<meta name=\"author\" content=\"samuel\" \/>\n<meta name=\"twitter:card\" content=\"summary_large_image\" \/>\n<meta name=\"twitter:label1\" content=\"Escrito por\" \/>\n\t<meta name=\"twitter:data1\" content=\"samuel\" \/>\n\t<meta name=\"twitter:label2\" content=\"Tiempo de lectura\" \/>\n\t<meta name=\"twitter:data2\" content=\"1 minuto\" \/>\n<script type=\"application\/ld+json\" class=\"yoast-schema-graph\">{\"@context\":\"https:\/\/schema.org\",\"@graph\":[{\"@type\":\"Article\",\"@id\":\"https:\/\/beiraja.com\/es\/beiraja-en-modo-covid\/#article\",\"isPartOf\":{\"@id\":\"https:\/\/beiraja.com\/es\/beiraja-en-modo-covid\/\"},\"author\":{\"name\":\"samuel\",\"@id\":\"https:\/\/beiraja.com\/es\/#\/schema\/person\/e5268ade9db2434bb787734cd4960a20\"},\"headline\":\"Beir\u2019Aja en modo Covid\",\"datePublished\":\"2021-02-03T15:05:31+00:00\",\"dateModified\":\"2021-02-03T16:19:51+00:00\",\"mainEntityOfPage\":{\"@id\":\"https:\/\/beiraja.com\/es\/beiraja-en-modo-covid\/\"},\"wordCount\":175,\"commentCount\":0,\"publisher\":{\"@id\":\"https:\/\/beiraja.com\/es\/#organization\"},\"image\":{\"@id\":\"https:\/\/beiraja.com\/es\/beiraja-en-modo-covid\/#primaryimage\"},\"thumbnailUrl\":\"https:\/\/beiraja.com\/wp-content\/uploads\/2021\/02\/IMG_20210129_094203-1-1.jpg\",\"articleSection\":[\"Noticias\"],\"inLanguage\":\"es\",\"potentialAction\":[{\"@type\":\"CommentAction\",\"name\":\"Comment\",\"target\":[\"https:\/\/beiraja.com\/es\/beiraja-en-modo-covid\/#respond\"]}]},{\"@type\":\"WebPage\",\"@id\":\"https:\/\/beiraja.com\/es\/beiraja-en-modo-covid\/\",\"url\":\"https:\/\/beiraja.com\/es\/beiraja-en-modo-covid\/\",\"name\":\"Beir\u2019Aja en modo Covid - Beir&#039;Aja\",\"isPartOf\":{\"@id\":\"https:\/\/beiraja.com\/es\/#website\"},\"primaryImageOfPage\":{\"@id\":\"https:\/\/beiraja.com\/es\/beiraja-en-modo-covid\/#primaryimage\"},\"image\":{\"@id\":\"https:\/\/beiraja.com\/es\/beiraja-en-modo-covid\/#primaryimage\"},\"thumbnailUrl\":\"https:\/\/beiraja.com\/wp-content\/uploads\/2021\/02\/IMG_20210129_094203-1-1.jpg\",\"datePublished\":\"2021-02-03T15:05:31+00:00\",\"dateModified\":\"2021-02-03T16:19:51+00:00\",\"breadcrumb\":{\"@id\":\"https:\/\/beiraja.com\/es\/beiraja-en-modo-covid\/#breadcrumb\"},\"inLanguage\":\"es\",\"potentialAction\":[{\"@type\":\"ReadAction\",\"target\":[\"https:\/\/beiraja.com\/es\/beiraja-en-modo-covid\/\"]}]},{\"@type\":\"ImageObject\",\"inLanguage\":\"es\",\"@id\":\"https:\/\/beiraja.com\/es\/beiraja-en-modo-covid\/#primaryimage\",\"url\":\"https:\/\/beiraja.com\/wp-content\/uploads\/2021\/02\/IMG_20210129_094203-1-1.jpg\",\"contentUrl\":\"https:\/\/beiraja.com\/wp-content\/uploads\/2021\/02\/IMG_20210129_094203-1-1.jpg\",\"width\":2000,\"height\":1145,\"caption\":\"Our online class\"},{\"@type\":\"BreadcrumbList\",\"@id\":\"https:\/\/beiraja.com\/es\/beiraja-en-modo-covid\/#breadcrumb\",\"itemListElement\":[{\"@type\":\"ListItem\",\"position\":1,\"name\":\"Home\",\"item\":\"https:\/\/beiraja.com\/es\/\"},{\"@type\":\"ListItem\",\"position\":2,\"name\":\"Beir\u2019Aja en modo Covid\"}]},{\"@type\":\"WebSite\",\"@id\":\"https:\/\/beiraja.com\/es\/#website\",\"url\":\"https:\/\/beiraja.com\/es\/\",\"name\":\"Beir&#039;Aja\",\"description\":\"Ajam e Descubram o Interior atrav\u00e9s das nossas atividades.\",\"publisher\":{\"@id\":\"https:\/\/beiraja.com\/es\/#organization\"},\"potentialAction\":[{\"@type\":\"SearchAction\",\"target\":{\"@type\":\"EntryPoint\",\"urlTemplate\":\"https:\/\/beiraja.com\/es\/?s={search_term_string}\"},\"query-input\":{\"@type\":\"PropertyValueSpecification\",\"valueRequired\":true,\"valueName\":\"search_term_string\"}}],\"inLanguage\":\"es\"},{\"@type\":\"Organization\",\"@id\":\"https:\/\/beiraja.com\/es\/#organization\",\"name\":\"Beir'Aja\",\"url\":\"https:\/\/beiraja.com\/es\/\",\"logo\":{\"@type\":\"ImageObject\",\"inLanguage\":\"es\",\"@id\":\"https:\/\/beiraja.com\/es\/#\/schema\/logo\/image\/\",\"url\":\"https:\/\/beiraja.com\/wp-content\/uploads\/2020\/11\/3-icones-cores-2-1.png\",\"contentUrl\":\"https:\/\/beiraja.com\/wp-content\/uploads\/2020\/11\/3-icones-cores-2-1.png\",\"width\":250,\"height\":250,\"caption\":\"Beir'Aja\"},\"image\":{\"@id\":\"https:\/\/beiraja.com\/es\/#\/schema\/logo\/image\/\"},\"sameAs\":[\"https:\/\/www.facebook.com\/Beirajainterior\",\"https:\/\/www.instagram.com\/beiraja_interior\/\",\"https:\/\/www.linkedin.com\/company\/beiraja\/about\/\"]},{\"@type\":\"Person\",\"@id\":\"https:\/\/beiraja.com\/es\/#\/schema\/person\/e5268ade9db2434bb787734cd4960a20\",\"name\":\"samuel\",\"image\":{\"@type\":\"ImageObject\",\"inLanguage\":\"es\",\"@id\":\"https:\/\/beiraja.com\/es\/#\/schema\/person\/image\/\",\"url\":\"https:\/\/secure.gravatar.com\/avatar\/40cfe88f0d6f71eb03bbc8dbd4c9ff1e00bfb62032d5f373a061a552846481a0?s=96&d=mm&r=g\",\"contentUrl\":\"https:\/\/secure.gravatar.com\/avatar\/40cfe88f0d6f71eb03bbc8dbd4c9ff1e00bfb62032d5f373a061a552846481a0?s=96&d=mm&r=g\",\"caption\":\"samuel\"},\"url\":\"https:\/\/beiraja.com\/es\/author\/samuel\/\"}]}<\/script>\n<!-- \/ Yoast SEO plugin. -->","yoast_head_json":{"title":"Beir\u2019Aja en modo Covid - Beir&#039;Aja","robots":{"index":"index","follow":"follow","max-snippet":"max-snippet:-1","max-image-preview":"max-image-preview:large","max-video-preview":"max-video-preview:-1"},"canonical":"https:\/\/beiraja.com\/es\/beiraja-en-modo-covid\/","og_locale":"es_ES","og_type":"article","og_title":"Beir\u2019Aja en modo Covid - Beir&#039;Aja","og_description":"\u00a1En Portugal, la Pandemia se encuentra en el estado m\u00e1s preocupante de la historia! Que COVID-19 haya sido un desaf\u00edo para millones de personas en todo el mundo no es nada nuevo. Para nosotros, el desaf\u00edo ha sido lanzar nuestras actividades en tiempos de pandemia y confinamiento. \u00a1Nos gusta creer que somos vers\u00e1tiles, modernos y persistentes! As\u00ed, lanzamos clases online y as\u00ed comenzamos la contribuci\u00f3n que har\u00e1 Beir\u2019aja al bienestar y la armon\u00eda de todos aquellos que descubren el Interior con nosotros. Incluso si este interior es solo tu hogar.  Las clases de pilates tienen lugar los martes a las 10:30 am y los viernes a las 9 am. El formato es completamente online, y apoy\u00e1ndonos en la opini\u00f3n transmitida por nuestros alumnos, \u00a1estamos logrando contrarrestar la adversidad!  Esta publicaci\u00f3n sirve para informar que, aunque reciente, \u00a1estamos presentes y motivados para hacer nuestra contribuci\u00f3n! \u00a1Hasta pronto, en una computadora o, esperamos, en la naturaleza que nos rodea! Bem haja","og_url":"https:\/\/beiraja.com\/es\/beiraja-en-modo-covid\/","og_site_name":"Beir&#039;Aja","article_publisher":"https:\/\/www.facebook.com\/Beirajainterior","article_published_time":"2021-02-03T15:05:31+00:00","article_modified_time":"2021-02-03T16:19:51+00:00","og_image":[{"width":2000,"height":1145,"url":"https:\/\/beiraja.com\/wp-content\/uploads\/2021\/02\/IMG_20210129_094203-1-1.jpg","type":"image\/jpeg"}],"author":"samuel","twitter_card":"summary_large_image","twitter_misc":{"Escrito por":"samuel","Tiempo de lectura":"1 minuto"},"schema":{"@context":"https:\/\/schema.org","@graph":[{"@type":"Article","@id":"https:\/\/beiraja.com\/es\/beiraja-en-modo-covid\/#article","isPartOf":{"@id":"https:\/\/beiraja.com\/es\/beiraja-en-modo-covid\/"},"author":{"name":"samuel","@id":"https:\/\/beiraja.com\/es\/#\/schema\/person\/e5268ade9db2434bb787734cd4960a20"},"headline":"Beir\u2019Aja en modo Covid","datePublished":"2021-02-03T15:05:31+00:00","dateModified":"2021-02-03T16:19:51+00:00","mainEntityOfPage":{"@id":"https:\/\/beiraja.com\/es\/beiraja-en-modo-covid\/"},"wordCount":175,"commentCount":0,"publisher":{"@id":"https:\/\/beiraja.com\/es\/#organization"},"image":{"@id":"https:\/\/beiraja.com\/es\/beiraja-en-modo-covid\/#primaryimage"},"thumbnailUrl":"https:\/\/beiraja.com\/wp-content\/uploads\/2021\/02\/IMG_20210129_094203-1-1.jpg","articleSection":["Noticias"],"inLanguage":"es","potentialAction":[{"@type":"CommentAction","name":"Comment","target":["https:\/\/beiraja.com\/es\/beiraja-en-modo-covid\/#respond"]}]},{"@type":"WebPage","@id":"https:\/\/beiraja.com\/es\/beiraja-en-modo-covid\/","url":"https:\/\/beiraja.com\/es\/beiraja-en-modo-covid\/","name":"Beir\u2019Aja en modo Covid - Beir&#039;Aja","isPartOf":{"@id":"https:\/\/beiraja.com\/es\/#website"},"primaryImageOfPage":{"@id":"https:\/\/beiraja.com\/es\/beiraja-en-modo-covid\/#primaryimage"},"image":{"@id":"https:\/\/beiraja.com\/es\/beiraja-en-modo-covid\/#primaryimage"},"thumbnailUrl":"https:\/\/beiraja.com\/wp-content\/uploads\/2021\/02\/IMG_20210129_094203-1-1.jpg","datePublished":"2021-02-03T15:05:31+00:00","dateModified":"2021-02-03T16:19:51+00:00","breadcrumb":{"@id":"https:\/\/beiraja.com\/es\/beiraja-en-modo-covid\/#breadcrumb"},"inLanguage":"es","potentialAction":[{"@type":"ReadAction","target":["https:\/\/beiraja.com\/es\/beiraja-en-modo-covid\/"]}]},{"@type":"ImageObject","inLanguage":"es","@id":"https:\/\/beiraja.com\/es\/beiraja-en-modo-covid\/#primaryimage","url":"https:\/\/beiraja.com\/wp-content\/uploads\/2021\/02\/IMG_20210129_094203-1-1.jpg","contentUrl":"https:\/\/beiraja.com\/wp-content\/uploads\/2021\/02\/IMG_20210129_094203-1-1.jpg","width":2000,"height":1145,"caption":"Our online class"},{"@type":"BreadcrumbList","@id":"https:\/\/beiraja.com\/es\/beiraja-en-modo-covid\/#breadcrumb","itemListElement":[{"@type":"ListItem","position":1,"name":"Home","item":"https:\/\/beiraja.com\/es\/"},{"@type":"ListItem","position":2,"name":"Beir\u2019Aja en modo Covid"}]},{"@type":"WebSite","@id":"https:\/\/beiraja.com\/es\/#website","url":"https:\/\/beiraja.com\/es\/","name":"Beir&#039;Aja","description":"Ajam e Descubram o Interior atrav\u00e9s das nossas atividades.","publisher":{"@id":"https:\/\/beiraja.com\/es\/#organization"},"potentialAction":[{"@type":"SearchAction","target":{"@type":"EntryPoint","urlTemplate":"https:\/\/beiraja.com\/es\/?s={search_term_string}"},"query-input":{"@type":"PropertyValueSpecification","valueRequired":true,"valueName":"search_term_string"}}],"inLanguage":"es"},{"@type":"Organization","@id":"https:\/\/beiraja.com\/es\/#organization","name":"Beir'Aja","url":"https:\/\/beiraja.com\/es\/","logo":{"@type":"ImageObject","inLanguage":"es","@id":"https:\/\/beiraja.com\/es\/#\/schema\/logo\/image\/","url":"https:\/\/beiraja.com\/wp-content\/uploads\/2020\/11\/3-icones-cores-2-1.png","contentUrl":"https:\/\/beiraja.com\/wp-content\/uploads\/2020\/11\/3-icones-cores-2-1.png","width":250,"height":250,"caption":"Beir'Aja"},"image":{"@id":"https:\/\/beiraja.com\/es\/#\/schema\/logo\/image\/"},"sameAs":["https:\/\/www.facebook.com\/Beirajainterior","https:\/\/www.instagram.com\/beiraja_interior\/","https:\/\/www.linkedin.com\/company\/beiraja\/about\/"]},{"@type":"Person","@id":"https:\/\/beiraja.com\/es\/#\/schema\/person\/e5268ade9db2434bb787734cd4960a20","name":"samuel","image":{"@type":"ImageObject","inLanguage":"es","@id":"https:\/\/beiraja.com\/es\/#\/schema\/person\/image\/","url":"https:\/\/secure.gravatar.com\/avatar\/40cfe88f0d6f71eb03bbc8dbd4c9ff1e00bfb62032d5f373a061a552846481a0?s=96&d=mm&r=g","contentUrl":"https:\/\/secure.gravatar.com\/avatar\/40cfe88f0d6f71eb03bbc8dbd4c9ff1e00bfb62032d5f373a061a552846481a0?s=96&d=mm&r=g","caption":"samuel"},"url":"https:\/\/beiraja.com\/es\/author\/samuel\/"}]}},"_links":{"self":[{"href":"https:\/\/beiraja.com\/es\/wp-json\/wp\/v2\/posts\/47130","targetHints":{"allow":["GET"]}}],"collection":[{"href":"https:\/\/beiraja.com\/es\/wp-json\/wp\/v2\/posts"}],"about":[{"href":"https:\/\/beiraja.com\/es\/wp-json\/wp\/v2\/types\/post"}],"author":[{"embeddable":true,"href":"https:\/\/beiraja.com\/es\/wp-json\/wp\/v2\/users\/3"}],"replies":[{"embeddable":true,"href":"https:\/\/beiraja.com\/es\/wp-json\/wp\/v2\/comments?post=47130"}],"version-history":[{"count":5,"href":"https:\/\/beiraja.com\/es\/wp-json\/wp\/v2\/posts\/47130\/revisions"}],"predecessor-version":[{"id":47180,"href":"https:\/\/beiraja.com\/es\/wp-json\/wp\/v2\/posts\/47130\/revisions\/47180"}],"wp:featuredmedia":[{"embeddable":true,"href":"https:\/\/beiraja.com\/es\/wp-json\/wp\/v2\/media\/47167"}],"wp:attachment":[{"href":"https:\/\/beiraja.com\/es\/wp-json\/wp\/v2\/media?parent=47130"}],"wp:term":[{"taxonomy":"category","embeddable":true,"href":"https:\/\/beiraja.com\/es\/wp-json\/wp\/v2\/categories?post=47130"},{"taxonomy":"post_tag","embeddable":true,"href":"https:\/\/beiraja.com\/es\/wp-json\/wp\/v2\/tags?post=47130"}],"curies":[{"name":"wp","href":"https:\/\/api.w.org\/{rel}","templated":true}]}}