{"id":47128,"date":"2021-02-03T16:05:30","date_gmt":"2021-02-03T15:05:30","guid":{"rendered":"https:\/\/beiraja.com\/?p=47128"},"modified":"2021-02-03T17:10:42","modified_gmt":"2021-02-03T16:10:42","slug":"beiraja-em-modo-covid","status":"publish","type":"post","link":"https:\/\/beiraja.com\/pt-pt\/beiraja-em-modo-covid\/","title":{"rendered":"Beir&#8217;Aja em modo Covid"},"content":{"rendered":"\t\t<div data-elementor-type=\"wp-post\" data-elementor-id=\"47128\" class=\"elementor elementor-47128\">\n\t\t\t\t\t\t<section class=\"elementor-section elementor-top-section elementor-element elementor-element-3638898 elementor-section-full_width elementor-section-height-default elementor-section-height-default parallax_section_no qode_elementor_container_no\" data-id=\"3638898\" data-element_type=\"section\">\n\t\t\t\t\t\t<div class=\"elementor-container elementor-column-gap-no\">\n\t\t\t\t\t<div class=\"elementor-column elementor-col-100 elementor-top-column elementor-element elementor-element-781857d\" data-id=\"781857d\" data-element_type=\"column\">\n\t\t\t<div class=\"elementor-widget-wrap elementor-element-populated\">\n\t\t\t\t\t\t<div class=\"elementor-element elementor-element-8f675be elementor-widget elementor-widget-text-editor\" data-id=\"8f675be\" data-element_type=\"widget\" data-widget_type=\"text-editor.default\">\n\t\t\t\t<div class=\"elementor-widget-container\">\n\t\t\t\t\t\t\t\t\t<p><strong>Em Portugal a Pandemia est\u00e1 no estado mais preocupante de sempre!<\/strong><\/p><p>Que o COVID-19 tem sido um desafio para milh\u00f5es de pessoas no mundo todo, n\u00e3o \u00e9 novidade. Para n\u00f3s, o desafio tem sido lan\u00e7ar as nossas actividades em \u00e9poca de pandemia e confinamento.<\/p>\t\t\t\t\t\t\t\t<\/div>\n\t\t\t\t<\/div>\n\t\t\t\t<div class=\"elementor-element elementor-element-38a8cea elementor-widget elementor-widget-spacer\" data-id=\"38a8cea\" data-element_type=\"widget\" data-widget_type=\"spacer.default\">\n\t\t\t\t<div class=\"elementor-widget-container\">\n\t\t\t\t\t\t\t<div class=\"elementor-spacer\">\n\t\t\t<div class=\"elementor-spacer-inner\"><\/div>\n\t\t<\/div>\n\t\t\t\t\t\t<\/div>\n\t\t\t\t<\/div>\n\t\t\t\t<div class=\"elementor-element elementor-element-665bc2b elementor-widget elementor-widget-text-editor\" data-id=\"665bc2b\" data-element_type=\"widget\" data-widget_type=\"text-editor.default\">\n\t\t\t\t<div class=\"elementor-widget-container\">\n\t\t\t\t\t\t\t\t\t<p><strong>Gostamos de acreditar que somos vers\u00e1teis, modernos e persistentes!<\/strong> Assim, lan\u00e7\u00e1mos aulas online e estamos desse modo a iniciar o contributo que a Beir&#8217;aja vai ter no Bem Estar e harmonia de todos os que connosco Descobrem o Interior! Mesmo que esse interior seja apenas o de casa.<\/p>\t\t\t\t\t\t\t\t<\/div>\n\t\t\t\t<\/div>\n\t\t\t\t<div class=\"elementor-element elementor-element-902bb55 elementor-widget elementor-widget-spacer\" data-id=\"902bb55\" data-element_type=\"widget\" data-widget_type=\"spacer.default\">\n\t\t\t\t<div class=\"elementor-widget-container\">\n\t\t\t\t\t\t\t<div class=\"elementor-spacer\">\n\t\t\t<div class=\"elementor-spacer-inner\"><\/div>\n\t\t<\/div>\n\t\t\t\t\t\t<\/div>\n\t\t\t\t<\/div>\n\t\t\t\t<div class=\"elementor-element elementor-element-76fb3f3 elementor-widget elementor-widget-text-editor\" data-id=\"76fb3f3\" data-element_type=\"widget\" data-widget_type=\"text-editor.default\">\n\t\t\t\t<div class=\"elementor-widget-container\">\n\t\t\t\t\t\t\t\t\t<p><strong>As aulas de Pilates<\/strong> acontecem \u00e0s <strong>ter\u00e7as, 10h30m<\/strong> e \u00e0s <strong>sextas, 9h<\/strong>. O formato \u00e9 <strong>totalmente online<\/strong>, e fiando-nos na opini\u00e3o transmitida pelos nossos alunos, estamos a conseguir contrariar as adversidades!<\/p>\t\t\t\t\t\t\t\t<\/div>\n\t\t\t\t<\/div>\n\t\t\t\t<div class=\"elementor-element elementor-element-6a86750 elementor-widget elementor-widget-spacer\" data-id=\"6a86750\" data-element_type=\"widget\" data-widget_type=\"spacer.default\">\n\t\t\t\t<div class=\"elementor-widget-container\">\n\t\t\t\t\t\t\t<div class=\"elementor-spacer\">\n\t\t\t<div class=\"elementor-spacer-inner\"><\/div>\n\t\t<\/div>\n\t\t\t\t\t\t<\/div>\n\t\t\t\t<\/div>\n\t\t\t\t<section class=\"elementor-section elementor-inner-section elementor-element elementor-element-a743965 elementor-section-content-middle elementor-section-boxed elementor-section-height-default elementor-section-height-default parallax_section_no qode_elementor_container_no\" data-id=\"a743965\" data-element_type=\"section\">\n\t\t\t\t\t\t<div class=\"elementor-container elementor-column-gap-default\">\n\t\t\t\t\t<div class=\"elementor-column elementor-col-66 elementor-inner-column elementor-element elementor-element-7ac52c8\" data-id=\"7ac52c8\" data-element_type=\"column\">\n\t\t\t<div class=\"elementor-widget-wrap elementor-element-populated\">\n\t\t\t\t\t\t\t<\/div>\n\t\t<\/div>\n\t\t\t\t<div class=\"elementor-column elementor-col-33 elementor-inner-column elementor-element elementor-element-0772104\" data-id=\"0772104\" data-element_type=\"column\">\n\t\t\t<div class=\"elementor-widget-wrap elementor-element-populated\">\n\t\t\t\t\t\t<div class=\"elementor-element elementor-element-4e6b1b4 elementor-widget elementor-widget-bridge_button\" data-id=\"4e6b1b4\" data-element_type=\"widget\" data-widget_type=\"bridge_button.default\">\n\t\t\t\t<div class=\"elementor-widget-container\">\n\t\t\t\t\t<a  itemprop=\"url\" href=\"https:\/\/beiraja.com\/pt-pt\/contacta-nos\/\" target=\"_blank\" data-hover-color=\"#FFFFFF\" class=\"qbutton  default\" style=\"color: #FFFFFF; border-color: #2B2B2B; \">Inscreve-te<\/a>\t\t\t\t<\/div>\n\t\t\t\t<\/div>\n\t\t\t\t\t<\/div>\n\t\t<\/div>\n\t\t\t\t\t<\/div>\n\t\t<\/section>\n\t\t\t\t<div class=\"elementor-element elementor-element-25d2af3 elementor-widget elementor-widget-spacer\" data-id=\"25d2af3\" data-element_type=\"widget\" data-widget_type=\"spacer.default\">\n\t\t\t\t<div class=\"elementor-widget-container\">\n\t\t\t\t\t\t\t<div class=\"elementor-spacer\">\n\t\t\t<div class=\"elementor-spacer-inner\"><\/div>\n\t\t<\/div>\n\t\t\t\t\t\t<\/div>\n\t\t\t\t<\/div>\n\t\t\t\t<div class=\"elementor-element elementor-element-2cfc0e6 elementor-widget elementor-widget-text-editor\" data-id=\"2cfc0e6\" data-element_type=\"widget\" data-widget_type=\"text-editor.default\">\n\t\t\t\t<div class=\"elementor-widget-container\">\n\t\t\t\t\t\t\t\t\t<p>Serve ent\u00e3o esta publica\u00e7\u00e3o para informar que, apesar de recentes, <strong>estamos presentes e motivados<\/strong> para dar o nosso contributo!<\/p><p><strong>Vemo-nos em breve<\/strong>, num computador ou &#8211; esperamos n\u00f3s &#8211; na Natureza que nos envolve!<\/p><p><strong>Bem haja.<\/strong><\/p>\t\t\t\t\t\t\t\t<\/div>\n\t\t\t\t<\/div>\n\t\t\t\t<div class=\"elementor-element elementor-element-d399f88 elementor-widget elementor-widget-spacer\" data-id=\"d399f88\" data-element_type=\"widget\" data-widget_type=\"spacer.default\">\n\t\t\t\t<div class=\"elementor-widget-container\">\n\t\t\t\t\t\t\t<div class=\"elementor-spacer\">\n\t\t\t<div class=\"elementor-spacer-inner\"><\/div>\n\t\t<\/div>\n\t\t\t\t\t\t<\/div>\n\t\t\t\t<\/div>\n\t\t\t\t\t<\/div>\n\t\t<\/div>\n\t\t\t\t\t<\/div>\n\t\t<\/section>\n\t\t\t\t<\/div>\n\t\t","protected":false},"excerpt":{"rendered":"<p>Em Portugal a Pandemia est\u00e1 no estado mais preocupante de sempre!<\/p>\n<p>Que o COVID-19 tem sido um desafio para milh\u00f5es de pessoas no mundo todo, n\u00e3o \u00e9 novidade. Para n\u00f3s, o desafio tem sido lan\u00e7ar as nossas actividades em \u00e9poca de pandemia e confinamento.<\/p>\n<p>Gostamos de acreditar que somos vers\u00e1teis, modernos e persistentes! Assim, lan\u00e7\u00e1mos aulas online e estamos desse modo a iniciar o contributo que a Beir&#8217;aja vai ter no Bem Estar e harmonia de todos os que connosco Descobrem o Interior! Mesmo que esse interior seja apenas o de casa.<\/p>\n<p>As aulas de Pilates acontecem \u00e0s ter\u00e7as, 10h30m e \u00e0s sextas, 9h. O formato \u00e9 totalmente online, e fiando-nos na opini\u00e3o transmitida pelos nossos alunos, estamos a conseguir contrariar as adversidades!<\/p>\n<p>Serve ent\u00e3o esta publica\u00e7\u00e3o para informar que, apesar de recentes, estamos presentes e motivados para dar o nosso contributo!<\/p>\n<p>Vemo-nos em breve, num computador ou &#8211; esperamos n\u00f3s &#8211; na Natureza que nos envolve!<\/p>\n<p>Bem haja.<\/p>\n","protected":false},"author":3,"featured_media":47166,"comment_status":"open","ping_status":"open","sticky":false,"template":"","format":"standard","meta":{"footnotes":""},"categories":[68],"tags":[],"class_list":["post-47128","post","type-post","status-publish","format-standard","has-post-thumbnail","hentry","category-noticias"],"yoast_head":"<!-- This site is optimized with the Yoast SEO plugin v26.5 - https:\/\/yoast.com\/wordpress\/plugins\/seo\/ -->\n<title>Beir&#039;Aja em modo Covid - Beir&#039;Aja<\/title>\n<meta name=\"robots\" content=\"index, follow, max-snippet:-1, max-image-preview:large, max-video-preview:-1\" \/>\n<link rel=\"canonical\" href=\"https:\/\/beiraja.com\/pt-pt\/beiraja-em-modo-covid\/\" \/>\n<meta property=\"og:locale\" content=\"pt_PT\" \/>\n<meta property=\"og:type\" content=\"article\" \/>\n<meta property=\"og:title\" content=\"Beir&#039;Aja em modo Covid - Beir&#039;Aja\" \/>\n<meta property=\"og:description\" content=\"Em Portugal a Pandemia est\u00e1 no estado mais preocupante de sempre! Que o COVID-19 tem sido um desafio para milh\u00f5es de pessoas no mundo todo, n\u00e3o \u00e9 novidade. Para n\u00f3s, o desafio tem sido lan\u00e7ar as nossas actividades em \u00e9poca de pandemia e confinamento. Gostamos de acreditar que somos vers\u00e1teis, modernos e persistentes! Assim, lan\u00e7\u00e1mos aulas online e estamos desse modo a iniciar o contributo que a Beir&#039;aja vai ter no Bem Estar e harmonia de todos os que connosco Descobrem o Interior! Mesmo que esse interior seja apenas o de casa. As aulas de Pilates acontecem \u00e0s ter\u00e7as, 10h30m e \u00e0s sextas, 9h. O formato \u00e9 totalmente online, e fiando-nos na opini\u00e3o transmitida pelos nossos alunos, estamos a conseguir contrariar as adversidades! Serve ent\u00e3o esta publica\u00e7\u00e3o para informar que, apesar de recentes, estamos presentes e motivados para dar o nosso contributo! Vemo-nos em breve, num computador ou - esperamos n\u00f3s - na Natureza que nos envolve! Bem haja.\" \/>\n<meta property=\"og:url\" content=\"https:\/\/beiraja.com\/pt-pt\/beiraja-em-modo-covid\/\" \/>\n<meta property=\"og:site_name\" content=\"Beir&#039;Aja\" \/>\n<meta property=\"article:publisher\" content=\"https:\/\/www.facebook.com\/Beirajainterior\" \/>\n<meta property=\"article:published_time\" content=\"2021-02-03T15:05:30+00:00\" \/>\n<meta property=\"article:modified_time\" content=\"2021-02-03T16:10:42+00:00\" \/>\n<meta property=\"og:image\" content=\"https:\/\/beiraja.com\/wp-content\/uploads\/2021\/02\/IMG_20210129_094203-1-1.jpg\" \/>\n\t<meta property=\"og:image:width\" content=\"2000\" \/>\n\t<meta property=\"og:image:height\" content=\"1145\" \/>\n\t<meta property=\"og:image:type\" content=\"image\/jpeg\" \/>\n<meta name=\"author\" content=\"samuel\" \/>\n<meta name=\"twitter:card\" content=\"summary_large_image\" \/>\n<meta name=\"twitter:label1\" content=\"Escrito por\" \/>\n\t<meta name=\"twitter:data1\" content=\"samuel\" \/>\n\t<meta name=\"twitter:label2\" content=\"Tempo estimado de leitura\" \/>\n\t<meta name=\"twitter:data2\" content=\"1 minuto\" \/>\n<script type=\"application\/ld+json\" class=\"yoast-schema-graph\">{\"@context\":\"https:\/\/schema.org\",\"@graph\":[{\"@type\":\"Article\",\"@id\":\"https:\/\/beiraja.com\/pt-pt\/beiraja-em-modo-covid\/#article\",\"isPartOf\":{\"@id\":\"https:\/\/beiraja.com\/pt-pt\/beiraja-em-modo-covid\/\"},\"author\":{\"name\":\"samuel\",\"@id\":\"https:\/\/beiraja.com\/pt-pt\/#\/schema\/person\/e5268ade9db2434bb787734cd4960a20\"},\"headline\":\"Beir&#8217;Aja em modo Covid\",\"datePublished\":\"2021-02-03T15:05:30+00:00\",\"dateModified\":\"2021-02-03T16:10:42+00:00\",\"mainEntityOfPage\":{\"@id\":\"https:\/\/beiraja.com\/pt-pt\/beiraja-em-modo-covid\/\"},\"wordCount\":176,\"commentCount\":0,\"publisher\":{\"@id\":\"https:\/\/beiraja.com\/pt-pt\/#organization\"},\"image\":{\"@id\":\"https:\/\/beiraja.com\/pt-pt\/beiraja-em-modo-covid\/#primaryimage\"},\"thumbnailUrl\":\"https:\/\/beiraja.com\/wp-content\/uploads\/2021\/02\/IMG_20210129_094203-1-1.jpg\",\"articleSection\":[\"Not\u00edcias\"],\"inLanguage\":\"pt-PT\",\"potentialAction\":[{\"@type\":\"CommentAction\",\"name\":\"Comment\",\"target\":[\"https:\/\/beiraja.com\/pt-pt\/beiraja-em-modo-covid\/#respond\"]}]},{\"@type\":\"WebPage\",\"@id\":\"https:\/\/beiraja.com\/pt-pt\/beiraja-em-modo-covid\/\",\"url\":\"https:\/\/beiraja.com\/pt-pt\/beiraja-em-modo-covid\/\",\"name\":\"Beir'Aja em modo Covid - Beir&#039;Aja\",\"isPartOf\":{\"@id\":\"https:\/\/beiraja.com\/pt-pt\/#website\"},\"primaryImageOfPage\":{\"@id\":\"https:\/\/beiraja.com\/pt-pt\/beiraja-em-modo-covid\/#primaryimage\"},\"image\":{\"@id\":\"https:\/\/beiraja.com\/pt-pt\/beiraja-em-modo-covid\/#primaryimage\"},\"thumbnailUrl\":\"https:\/\/beiraja.com\/wp-content\/uploads\/2021\/02\/IMG_20210129_094203-1-1.jpg\",\"datePublished\":\"2021-02-03T15:05:30+00:00\",\"dateModified\":\"2021-02-03T16:10:42+00:00\",\"breadcrumb\":{\"@id\":\"https:\/\/beiraja.com\/pt-pt\/beiraja-em-modo-covid\/#breadcrumb\"},\"inLanguage\":\"pt-PT\",\"potentialAction\":[{\"@type\":\"ReadAction\",\"target\":[\"https:\/\/beiraja.com\/pt-pt\/beiraja-em-modo-covid\/\"]}]},{\"@type\":\"ImageObject\",\"inLanguage\":\"pt-PT\",\"@id\":\"https:\/\/beiraja.com\/pt-pt\/beiraja-em-modo-covid\/#primaryimage\",\"url\":\"https:\/\/beiraja.com\/wp-content\/uploads\/2021\/02\/IMG_20210129_094203-1-1.jpg\",\"contentUrl\":\"https:\/\/beiraja.com\/wp-content\/uploads\/2021\/02\/IMG_20210129_094203-1-1.jpg\",\"width\":2000,\"height\":1145,\"caption\":\"Our online class\"},{\"@type\":\"BreadcrumbList\",\"@id\":\"https:\/\/beiraja.com\/pt-pt\/beiraja-em-modo-covid\/#breadcrumb\",\"itemListElement\":[{\"@type\":\"ListItem\",\"position\":1,\"name\":\"Home\",\"item\":\"https:\/\/beiraja.com\/pt-pt\/\"},{\"@type\":\"ListItem\",\"position\":2,\"name\":\"Beir&#8217;Aja em modo Covid\"}]},{\"@type\":\"WebSite\",\"@id\":\"https:\/\/beiraja.com\/pt-pt\/#website\",\"url\":\"https:\/\/beiraja.com\/pt-pt\/\",\"name\":\"Beir&#039;Aja\",\"description\":\"Ajam e Descubram o Interior atrav\u00e9s das nossas atividades.\",\"publisher\":{\"@id\":\"https:\/\/beiraja.com\/pt-pt\/#organization\"},\"potentialAction\":[{\"@type\":\"SearchAction\",\"target\":{\"@type\":\"EntryPoint\",\"urlTemplate\":\"https:\/\/beiraja.com\/pt-pt\/?s={search_term_string}\"},\"query-input\":{\"@type\":\"PropertyValueSpecification\",\"valueRequired\":true,\"valueName\":\"search_term_string\"}}],\"inLanguage\":\"pt-PT\"},{\"@type\":\"Organization\",\"@id\":\"https:\/\/beiraja.com\/pt-pt\/#organization\",\"name\":\"Beir'Aja\",\"url\":\"https:\/\/beiraja.com\/pt-pt\/\",\"logo\":{\"@type\":\"ImageObject\",\"inLanguage\":\"pt-PT\",\"@id\":\"https:\/\/beiraja.com\/pt-pt\/#\/schema\/logo\/image\/\",\"url\":\"https:\/\/beiraja.com\/wp-content\/uploads\/2020\/11\/3-icones-cores-2-1.png\",\"contentUrl\":\"https:\/\/beiraja.com\/wp-content\/uploads\/2020\/11\/3-icones-cores-2-1.png\",\"width\":250,\"height\":250,\"caption\":\"Beir'Aja\"},\"image\":{\"@id\":\"https:\/\/beiraja.com\/pt-pt\/#\/schema\/logo\/image\/\"},\"sameAs\":[\"https:\/\/www.facebook.com\/Beirajainterior\",\"https:\/\/www.instagram.com\/beiraja_interior\/\",\"https:\/\/www.linkedin.com\/company\/beiraja\/about\/\"]},{\"@type\":\"Person\",\"@id\":\"https:\/\/beiraja.com\/pt-pt\/#\/schema\/person\/e5268ade9db2434bb787734cd4960a20\",\"name\":\"samuel\",\"image\":{\"@type\":\"ImageObject\",\"inLanguage\":\"pt-PT\",\"@id\":\"https:\/\/beiraja.com\/pt-pt\/#\/schema\/person\/image\/\",\"url\":\"https:\/\/secure.gravatar.com\/avatar\/40cfe88f0d6f71eb03bbc8dbd4c9ff1e00bfb62032d5f373a061a552846481a0?s=96&d=mm&r=g\",\"contentUrl\":\"https:\/\/secure.gravatar.com\/avatar\/40cfe88f0d6f71eb03bbc8dbd4c9ff1e00bfb62032d5f373a061a552846481a0?s=96&d=mm&r=g\",\"caption\":\"samuel\"},\"url\":\"https:\/\/beiraja.com\/pt-pt\/author\/samuel\/\"}]}<\/script>\n<!-- \/ Yoast SEO plugin. -->","yoast_head_json":{"title":"Beir'Aja em modo Covid - Beir&#039;Aja","robots":{"index":"index","follow":"follow","max-snippet":"max-snippet:-1","max-image-preview":"max-image-preview:large","max-video-preview":"max-video-preview:-1"},"canonical":"https:\/\/beiraja.com\/pt-pt\/beiraja-em-modo-covid\/","og_locale":"pt_PT","og_type":"article","og_title":"Beir'Aja em modo Covid - Beir&#039;Aja","og_description":"Em Portugal a Pandemia est\u00e1 no estado mais preocupante de sempre! Que o COVID-19 tem sido um desafio para milh\u00f5es de pessoas no mundo todo, n\u00e3o \u00e9 novidade. Para n\u00f3s, o desafio tem sido lan\u00e7ar as nossas actividades em \u00e9poca de pandemia e confinamento. Gostamos de acreditar que somos vers\u00e1teis, modernos e persistentes! Assim, lan\u00e7\u00e1mos aulas online e estamos desse modo a iniciar o contributo que a Beir'aja vai ter no Bem Estar e harmonia de todos os que connosco Descobrem o Interior! Mesmo que esse interior seja apenas o de casa. As aulas de Pilates acontecem \u00e0s ter\u00e7as, 10h30m e \u00e0s sextas, 9h. O formato \u00e9 totalmente online, e fiando-nos na opini\u00e3o transmitida pelos nossos alunos, estamos a conseguir contrariar as adversidades! Serve ent\u00e3o esta publica\u00e7\u00e3o para informar que, apesar de recentes, estamos presentes e motivados para dar o nosso contributo! Vemo-nos em breve, num computador ou - esperamos n\u00f3s - na Natureza que nos envolve! Bem haja.","og_url":"https:\/\/beiraja.com\/pt-pt\/beiraja-em-modo-covid\/","og_site_name":"Beir&#039;Aja","article_publisher":"https:\/\/www.facebook.com\/Beirajainterior","article_published_time":"2021-02-03T15:05:30+00:00","article_modified_time":"2021-02-03T16:10:42+00:00","og_image":[{"width":2000,"height":1145,"url":"https:\/\/beiraja.com\/wp-content\/uploads\/2021\/02\/IMG_20210129_094203-1-1.jpg","type":"image\/jpeg"}],"author":"samuel","twitter_card":"summary_large_image","twitter_misc":{"Escrito por":"samuel","Tempo estimado de leitura":"1 minuto"},"schema":{"@context":"https:\/\/schema.org","@graph":[{"@type":"Article","@id":"https:\/\/beiraja.com\/pt-pt\/beiraja-em-modo-covid\/#article","isPartOf":{"@id":"https:\/\/beiraja.com\/pt-pt\/beiraja-em-modo-covid\/"},"author":{"name":"samuel","@id":"https:\/\/beiraja.com\/pt-pt\/#\/schema\/person\/e5268ade9db2434bb787734cd4960a20"},"headline":"Beir&#8217;Aja em modo Covid","datePublished":"2021-02-03T15:05:30+00:00","dateModified":"2021-02-03T16:10:42+00:00","mainEntityOfPage":{"@id":"https:\/\/beiraja.com\/pt-pt\/beiraja-em-modo-covid\/"},"wordCount":176,"commentCount":0,"publisher":{"@id":"https:\/\/beiraja.com\/pt-pt\/#organization"},"image":{"@id":"https:\/\/beiraja.com\/pt-pt\/beiraja-em-modo-covid\/#primaryimage"},"thumbnailUrl":"https:\/\/beiraja.com\/wp-content\/uploads\/2021\/02\/IMG_20210129_094203-1-1.jpg","articleSection":["Not\u00edcias"],"inLanguage":"pt-PT","potentialAction":[{"@type":"CommentAction","name":"Comment","target":["https:\/\/beiraja.com\/pt-pt\/beiraja-em-modo-covid\/#respond"]}]},{"@type":"WebPage","@id":"https:\/\/beiraja.com\/pt-pt\/beiraja-em-modo-covid\/","url":"https:\/\/beiraja.com\/pt-pt\/beiraja-em-modo-covid\/","name":"Beir'Aja em modo Covid - Beir&#039;Aja","isPartOf":{"@id":"https:\/\/beiraja.com\/pt-pt\/#website"},"primaryImageOfPage":{"@id":"https:\/\/beiraja.com\/pt-pt\/beiraja-em-modo-covid\/#primaryimage"},"image":{"@id":"https:\/\/beiraja.com\/pt-pt\/beiraja-em-modo-covid\/#primaryimage"},"thumbnailUrl":"https:\/\/beiraja.com\/wp-content\/uploads\/2021\/02\/IMG_20210129_094203-1-1.jpg","datePublished":"2021-02-03T15:05:30+00:00","dateModified":"2021-02-03T16:10:42+00:00","breadcrumb":{"@id":"https:\/\/beiraja.com\/pt-pt\/beiraja-em-modo-covid\/#breadcrumb"},"inLanguage":"pt-PT","potentialAction":[{"@type":"ReadAction","target":["https:\/\/beiraja.com\/pt-pt\/beiraja-em-modo-covid\/"]}]},{"@type":"ImageObject","inLanguage":"pt-PT","@id":"https:\/\/beiraja.com\/pt-pt\/beiraja-em-modo-covid\/#primaryimage","url":"https:\/\/beiraja.com\/wp-content\/uploads\/2021\/02\/IMG_20210129_094203-1-1.jpg","contentUrl":"https:\/\/beiraja.com\/wp-content\/uploads\/2021\/02\/IMG_20210129_094203-1-1.jpg","width":2000,"height":1145,"caption":"Our online class"},{"@type":"BreadcrumbList","@id":"https:\/\/beiraja.com\/pt-pt\/beiraja-em-modo-covid\/#breadcrumb","itemListElement":[{"@type":"ListItem","position":1,"name":"Home","item":"https:\/\/beiraja.com\/pt-pt\/"},{"@type":"ListItem","position":2,"name":"Beir&#8217;Aja em modo Covid"}]},{"@type":"WebSite","@id":"https:\/\/beiraja.com\/pt-pt\/#website","url":"https:\/\/beiraja.com\/pt-pt\/","name":"Beir&#039;Aja","description":"Ajam e Descubram o Interior atrav\u00e9s das nossas atividades.","publisher":{"@id":"https:\/\/beiraja.com\/pt-pt\/#organization"},"potentialAction":[{"@type":"SearchAction","target":{"@type":"EntryPoint","urlTemplate":"https:\/\/beiraja.com\/pt-pt\/?s={search_term_string}"},"query-input":{"@type":"PropertyValueSpecification","valueRequired":true,"valueName":"search_term_string"}}],"inLanguage":"pt-PT"},{"@type":"Organization","@id":"https:\/\/beiraja.com\/pt-pt\/#organization","name":"Beir'Aja","url":"https:\/\/beiraja.com\/pt-pt\/","logo":{"@type":"ImageObject","inLanguage":"pt-PT","@id":"https:\/\/beiraja.com\/pt-pt\/#\/schema\/logo\/image\/","url":"https:\/\/beiraja.com\/wp-content\/uploads\/2020\/11\/3-icones-cores-2-1.png","contentUrl":"https:\/\/beiraja.com\/wp-content\/uploads\/2020\/11\/3-icones-cores-2-1.png","width":250,"height":250,"caption":"Beir'Aja"},"image":{"@id":"https:\/\/beiraja.com\/pt-pt\/#\/schema\/logo\/image\/"},"sameAs":["https:\/\/www.facebook.com\/Beirajainterior","https:\/\/www.instagram.com\/beiraja_interior\/","https:\/\/www.linkedin.com\/company\/beiraja\/about\/"]},{"@type":"Person","@id":"https:\/\/beiraja.com\/pt-pt\/#\/schema\/person\/e5268ade9db2434bb787734cd4960a20","name":"samuel","image":{"@type":"ImageObject","inLanguage":"pt-PT","@id":"https:\/\/beiraja.com\/pt-pt\/#\/schema\/person\/image\/","url":"https:\/\/secure.gravatar.com\/avatar\/40cfe88f0d6f71eb03bbc8dbd4c9ff1e00bfb62032d5f373a061a552846481a0?s=96&d=mm&r=g","contentUrl":"https:\/\/secure.gravatar.com\/avatar\/40cfe88f0d6f71eb03bbc8dbd4c9ff1e00bfb62032d5f373a061a552846481a0?s=96&d=mm&r=g","caption":"samuel"},"url":"https:\/\/beiraja.com\/pt-pt\/author\/samuel\/"}]}},"_links":{"self":[{"href":"https:\/\/beiraja.com\/pt-pt\/wp-json\/wp\/v2\/posts\/47128","targetHints":{"allow":["GET"]}}],"collection":[{"href":"https:\/\/beiraja.com\/pt-pt\/wp-json\/wp\/v2\/posts"}],"about":[{"href":"https:\/\/beiraja.com\/pt-pt\/wp-json\/wp\/v2\/types\/post"}],"author":[{"embeddable":true,"href":"https:\/\/beiraja.com\/pt-pt\/wp-json\/wp\/v2\/users\/3"}],"replies":[{"embeddable":true,"href":"https:\/\/beiraja.com\/pt-pt\/wp-json\/wp\/v2\/comments?post=47128"}],"version-history":[{"count":5,"href":"https:\/\/beiraja.com\/pt-pt\/wp-json\/wp\/v2\/posts\/47128\/revisions"}],"predecessor-version":[{"id":47173,"href":"https:\/\/beiraja.com\/pt-pt\/wp-json\/wp\/v2\/posts\/47128\/revisions\/47173"}],"wp:featuredmedia":[{"embeddable":true,"href":"https:\/\/beiraja.com\/pt-pt\/wp-json\/wp\/v2\/media\/47166"}],"wp:attachment":[{"href":"https:\/\/beiraja.com\/pt-pt\/wp-json\/wp\/v2\/media?parent=47128"}],"wp:term":[{"taxonomy":"category","embeddable":true,"href":"https:\/\/beiraja.com\/pt-pt\/wp-json\/wp\/v2\/categories?post=47128"},{"taxonomy":"post_tag","embeddable":true,"href":"https:\/\/beiraja.com\/pt-pt\/wp-json\/wp\/v2\/tags?post=47128"}],"curies":[{"name":"wp","href":"https:\/\/api.w.org\/{rel}","templated":true}]}}